{"id":3261,"date":"2020-09-09T19:26:38","date_gmt":"2020-09-10T00:26:38","guid":{"rendered":"https:\/\/www.conac-ac.org\/v2\/?p=3261"},"modified":"2020-09-09T19:26:43","modified_gmt":"2020-09-10T00:26:43","slug":"sesion-inaugural-rector-uia-leon","status":"publish","type":"post","link":"https:\/\/www.conac-ac.org\/v2\/sesion-inaugural-rector-uia-leon\/","title":{"rendered":"Sesi\u00f3n Inaugural Rector UIA Le\u00f3n"},"content":{"rendered":"","protected":false},"excerpt":{"rendered":"","protected":false},"author":2,"featured_media":3260,"comment_status":"closed","ping_status":"closed","sticky":false,"template":"","format":"standard","meta":{"_monsterinsights_skip_tracking":false,"_monsterinsights_sitenote_active":false,"_monsterinsights_sitenote_note":"","_monsterinsights_sitenote_category":0,"footnotes":""},"categories":[6],"tags":[],"class_list":{"0":"post-3261","1":"post","2":"type-post","3":"status-publish","4":"format-standard","5":"has-post-thumbnail","7":"category-noticias"},"yoast_head":"<!-- This site is optimized with the Yoast SEO Premium plugin v23.6 (Yoast SEO v26.8) - https:\/\/yoast.com\/product\/yoast-seo-premium-wordpress\/ -->\n<title>Sesi\u00f3n Inaugural Rector UIA Le\u00f3n - CONAC A.C.<\/title>\n<meta name=\"description\" content=\"Consejo de acreditaci\u00f3n de la Comunicaci\u00f3n y las Ciencias Sociales\" \/>\n<meta name=\"robots\" content=\"index, follow, max-snippet:-1, max-image-preview:large, max-video-preview:-1\" \/>\n<link rel=\"canonical\" href=\"https:\/\/www.conac-ac.org\/v2\/sesion-inaugural-rector-uia-leon\/\" \/>\n<meta property=\"og:locale\" content=\"es_ES\" \/>\n<meta property=\"og:type\" content=\"article\" \/>\n<meta property=\"og:title\" content=\"Sesi\u00f3n Inaugural Rector UIA Le\u00f3n\" \/>\n<meta property=\"og:description\" content=\"Consejo de acreditaci\u00f3n de la Comunicaci\u00f3n y las Ciencias Sociales\" \/>\n<meta property=\"og:url\" content=\"https:\/\/www.conac-ac.org\/v2\/sesion-inaugural-rector-uia-leon\/\" \/>\n<meta property=\"og:site_name\" content=\"CONAC A.C.\" \/>\n<meta property=\"article:publisher\" content=\"https:\/\/www.facebook.com\/conac.org\/\" \/>\n<meta property=\"article:published_time\" content=\"2020-09-10T00:26:38+00:00\" \/>\n<meta property=\"article:modified_time\" content=\"2020-09-10T00:26:43+00:00\" \/>\n<meta property=\"og:image\" content=\"https:\/\/www.conac-ac.org\/v2\/wp-content\/uploads\/2020\/09\/Sesion-Inaugural-Rector-UIA-Leon-scaled.jpg\" \/>\n\t<meta property=\"og:image:width\" content=\"2560\" \/>\n\t<meta property=\"og:image:height\" content=\"1440\" \/>\n\t<meta property=\"og:image:type\" content=\"image\/jpeg\" \/>\n<meta name=\"author\" content=\"Angel Becerra\" \/>\n<meta name=\"twitter:card\" content=\"summary_large_image\" \/>\n<meta name=\"twitter:label1\" content=\"Escrito por\" \/>\n\t<meta name=\"twitter:data1\" content=\"Angel Becerra\" \/>\n<script type=\"application\/ld+json\" class=\"yoast-schema-graph\">{\"@context\":\"https:\/\/schema.org\",\"@graph\":[{\"@type\":\"Article\",\"@id\":\"https:\/\/www.conac-ac.org\/v2\/sesion-inaugural-rector-uia-leon\/#article\",\"isPartOf\":{\"@id\":\"https:\/\/www.conac-ac.org\/v2\/sesion-inaugural-rector-uia-leon\/\"},\"author\":{\"name\":\"Angel Becerra\",\"@id\":\"https:\/\/www.conac-ac.org\/v2\/#\/schema\/person\/5d97d2327d66f902de9f35760a67500f\"},\"headline\":\"Sesi\u00f3n Inaugural Rector UIA Le\u00f3n\",\"datePublished\":\"2020-09-10T00:26:38+00:00\",\"dateModified\":\"2020-09-10T00:26:43+00:00\",\"mainEntityOfPage\":{\"@id\":\"https:\/\/www.conac-ac.org\/v2\/sesion-inaugural-rector-uia-leon\/\"},\"wordCount\":7,\"publisher\":{\"@id\":\"https:\/\/www.conac-ac.org\/v2\/#organization\"},\"image\":{\"@id\":\"https:\/\/www.conac-ac.org\/v2\/sesion-inaugural-rector-uia-leon\/#primaryimage\"},\"thumbnailUrl\":\"https:\/\/www.conac-ac.org\/v2\/wp-content\/uploads\/2020\/09\/Sesion-Inaugural-Rector-UIA-Leon-scaled.jpg\",\"articleSection\":[\"Noticias\"],\"inLanguage\":\"es\"},{\"@type\":\"WebPage\",\"@id\":\"https:\/\/www.conac-ac.org\/v2\/sesion-inaugural-rector-uia-leon\/\",\"url\":\"https:\/\/www.conac-ac.org\/v2\/sesion-inaugural-rector-uia-leon\/\",\"name\":\"Sesi\u00f3n Inaugural Rector UIA Le\u00f3n - CONAC A.C.\",\"isPartOf\":{\"@id\":\"https:\/\/www.conac-ac.org\/v2\/#website\"},\"primaryImageOfPage\":{\"@id\":\"https:\/\/www.conac-ac.org\/v2\/sesion-inaugural-rector-uia-leon\/#primaryimage\"},\"image\":{\"@id\":\"https:\/\/www.conac-ac.org\/v2\/sesion-inaugural-rector-uia-leon\/#primaryimage\"},\"thumbnailUrl\":\"https:\/\/www.conac-ac.org\/v2\/wp-content\/uploads\/2020\/09\/Sesion-Inaugural-Rector-UIA-Leon-scaled.jpg\",\"datePublished\":\"2020-09-10T00:26:38+00:00\",\"dateModified\":\"2020-09-10T00:26:43+00:00\",\"description\":\"Consejo de acreditaci\u00f3n de la Comunicaci\u00f3n y las Ciencias Sociales\",\"breadcrumb\":{\"@id\":\"https:\/\/www.conac-ac.org\/v2\/sesion-inaugural-rector-uia-leon\/#breadcrumb\"},\"inLanguage\":\"es\",\"potentialAction\":[{\"@type\":\"ReadAction\",\"target\":[\"https:\/\/www.conac-ac.org\/v2\/sesion-inaugural-rector-uia-leon\/\"]}]},{\"@type\":\"ImageObject\",\"inLanguage\":\"es\",\"@id\":\"https:\/\/www.conac-ac.org\/v2\/sesion-inaugural-rector-uia-leon\/#primaryimage\",\"url\":\"https:\/\/www.conac-ac.org\/v2\/wp-content\/uploads\/2020\/09\/Sesion-Inaugural-Rector-UIA-Leon-scaled.jpg\",\"contentUrl\":\"https:\/\/www.conac-ac.org\/v2\/wp-content\/uploads\/2020\/09\/Sesion-Inaugural-Rector-UIA-Leon-scaled.jpg\",\"width\":2560,\"height\":1440},{\"@type\":\"BreadcrumbList\",\"@id\":\"https:\/\/www.conac-ac.org\/v2\/sesion-inaugural-rector-uia-leon\/#breadcrumb\",\"itemListElement\":[{\"@type\":\"ListItem\",\"position\":1,\"name\":\"Inicio\",\"item\":\"https:\/\/www.conac-ac.org\/v2\/\"},{\"@type\":\"ListItem\",\"position\":2,\"name\":\"Sesi\u00f3n Inaugural Rector UIA Le\u00f3n\"}]},{\"@type\":\"WebSite\",\"@id\":\"https:\/\/www.conac-ac.org\/v2\/#website\",\"url\":\"https:\/\/www.conac-ac.org\/v2\/\",\"name\":\"CONAC A.C.\",\"description\":\"CONAC\",\"publisher\":{\"@id\":\"https:\/\/www.conac-ac.org\/v2\/#organization\"},\"alternateName\":\"Consejo de acreditaci\u00f3n de la Comunicaci\u00f3n y las Ciencias Sociales\",\"potentialAction\":[{\"@type\":\"SearchAction\",\"target\":{\"@type\":\"EntryPoint\",\"urlTemplate\":\"https:\/\/www.conac-ac.org\/v2\/?s={search_term_string}\"},\"query-input\":{\"@type\":\"PropertyValueSpecification\",\"valueRequired\":true,\"valueName\":\"search_term_string\"}}],\"inLanguage\":\"es\"},{\"@type\":\"Organization\",\"@id\":\"https:\/\/www.conac-ac.org\/v2\/#organization\",\"name\":\"CONAC\",\"alternateName\":\"Consejo de acreditaci\u00f3n de la Comunicaci\u00f3n y las Ciencias Sociales\",\"url\":\"https:\/\/www.conac-ac.org\/v2\/\",\"logo\":{\"@type\":\"ImageObject\",\"inLanguage\":\"es\",\"@id\":\"https:\/\/www.conac-ac.org\/v2\/#\/schema\/logo\/image\/\",\"url\":\"https:\/\/i0.wp.com\/www.conac-ac.org\/v2\/wp-content\/uploads\/2023\/01\/logo.png?fit=600%2C365&ssl=1\",\"contentUrl\":\"https:\/\/i0.wp.com\/www.conac-ac.org\/v2\/wp-content\/uploads\/2023\/01\/logo.png?fit=600%2C365&ssl=1\",\"width\":600,\"height\":365,\"caption\":\"CONAC\"},\"image\":{\"@id\":\"https:\/\/www.conac-ac.org\/v2\/#\/schema\/logo\/image\/\"},\"sameAs\":[\"https:\/\/www.facebook.com\/conac.org\/\",\"https:\/\/www.linkedin.com\/company\/conac-organismo-acreditador\/\",\"https:\/\/www.instagram.com\/conac_org\",\"https:\/\/www.youtube.com\/@conaca.c.732\"],\"description\":\"Consejo de acreditaci\u00f3n de la Comunicaci\u00f3n y las Ciencias Sociales\"},{\"@type\":\"Person\",\"@id\":\"https:\/\/www.conac-ac.org\/v2\/#\/schema\/person\/5d97d2327d66f902de9f35760a67500f\",\"name\":\"Angel Becerra\",\"image\":{\"@type\":\"ImageObject\",\"inLanguage\":\"es\",\"@id\":\"https:\/\/www.conac-ac.org\/v2\/#\/schema\/person\/image\/\",\"url\":\"https:\/\/secure.gravatar.com\/avatar\/41c867b0c4f06f2c94aed4a483b932b9?s=96&d=mm&r=g\",\"contentUrl\":\"https:\/\/secure.gravatar.com\/avatar\/41c867b0c4f06f2c94aed4a483b932b9?s=96&d=mm&r=g\",\"caption\":\"Angel Becerra\"}}]}<\/script>\n<!-- \/ Yoast SEO Premium plugin. -->","yoast_head_json":{"title":"Sesi\u00f3n Inaugural Rector UIA Le\u00f3n - CONAC A.C.","description":"Consejo de acreditaci\u00f3n de la Comunicaci\u00f3n y las Ciencias Sociales","robots":{"index":"index","follow":"follow","max-snippet":"max-snippet:-1","max-image-preview":"max-image-preview:large","max-video-preview":"max-video-preview:-1"},"canonical":"https:\/\/www.conac-ac.org\/v2\/sesion-inaugural-rector-uia-leon\/","og_locale":"es_ES","og_type":"article","og_title":"Sesi\u00f3n Inaugural Rector UIA Le\u00f3n","og_description":"Consejo de acreditaci\u00f3n de la Comunicaci\u00f3n y las Ciencias Sociales","og_url":"https:\/\/www.conac-ac.org\/v2\/sesion-inaugural-rector-uia-leon\/","og_site_name":"CONAC A.C.","article_publisher":"https:\/\/www.facebook.com\/conac.org\/","article_published_time":"2020-09-10T00:26:38+00:00","article_modified_time":"2020-09-10T00:26:43+00:00","og_image":[{"width":2560,"height":1440,"url":"https:\/\/www.conac-ac.org\/v2\/wp-content\/uploads\/2020\/09\/Sesion-Inaugural-Rector-UIA-Leon-scaled.jpg","type":"image\/jpeg"}],"author":"Angel Becerra","twitter_card":"summary_large_image","twitter_misc":{"Escrito por":"Angel Becerra"},"schema":{"@context":"https:\/\/schema.org","@graph":[{"@type":"Article","@id":"https:\/\/www.conac-ac.org\/v2\/sesion-inaugural-rector-uia-leon\/#article","isPartOf":{"@id":"https:\/\/www.conac-ac.org\/v2\/sesion-inaugural-rector-uia-leon\/"},"author":{"name":"Angel Becerra","@id":"https:\/\/www.conac-ac.org\/v2\/#\/schema\/person\/5d97d2327d66f902de9f35760a67500f"},"headline":"Sesi\u00f3n Inaugural Rector UIA Le\u00f3n","datePublished":"2020-09-10T00:26:38+00:00","dateModified":"2020-09-10T00:26:43+00:00","mainEntityOfPage":{"@id":"https:\/\/www.conac-ac.org\/v2\/sesion-inaugural-rector-uia-leon\/"},"wordCount":7,"publisher":{"@id":"https:\/\/www.conac-ac.org\/v2\/#organization"},"image":{"@id":"https:\/\/www.conac-ac.org\/v2\/sesion-inaugural-rector-uia-leon\/#primaryimage"},"thumbnailUrl":"https:\/\/www.conac-ac.org\/v2\/wp-content\/uploads\/2020\/09\/Sesion-Inaugural-Rector-UIA-Leon-scaled.jpg","articleSection":["Noticias"],"inLanguage":"es"},{"@type":"WebPage","@id":"https:\/\/www.conac-ac.org\/v2\/sesion-inaugural-rector-uia-leon\/","url":"https:\/\/www.conac-ac.org\/v2\/sesion-inaugural-rector-uia-leon\/","name":"Sesi\u00f3n Inaugural Rector UIA Le\u00f3n - CONAC A.C.","isPartOf":{"@id":"https:\/\/www.conac-ac.org\/v2\/#website"},"primaryImageOfPage":{"@id":"https:\/\/www.conac-ac.org\/v2\/sesion-inaugural-rector-uia-leon\/#primaryimage"},"image":{"@id":"https:\/\/www.conac-ac.org\/v2\/sesion-inaugural-rector-uia-leon\/#primaryimage"},"thumbnailUrl":"https:\/\/www.conac-ac.org\/v2\/wp-content\/uploads\/2020\/09\/Sesion-Inaugural-Rector-UIA-Leon-scaled.jpg","datePublished":"2020-09-10T00:26:38+00:00","dateModified":"2020-09-10T00:26:43+00:00","description":"Consejo de acreditaci\u00f3n de la Comunicaci\u00f3n y las Ciencias Sociales","breadcrumb":{"@id":"https:\/\/www.conac-ac.org\/v2\/sesion-inaugural-rector-uia-leon\/#breadcrumb"},"inLanguage":"es","potentialAction":[{"@type":"ReadAction","target":["https:\/\/www.conac-ac.org\/v2\/sesion-inaugural-rector-uia-leon\/"]}]},{"@type":"ImageObject","inLanguage":"es","@id":"https:\/\/www.conac-ac.org\/v2\/sesion-inaugural-rector-uia-leon\/#primaryimage","url":"https:\/\/www.conac-ac.org\/v2\/wp-content\/uploads\/2020\/09\/Sesion-Inaugural-Rector-UIA-Leon-scaled.jpg","contentUrl":"https:\/\/www.conac-ac.org\/v2\/wp-content\/uploads\/2020\/09\/Sesion-Inaugural-Rector-UIA-Leon-scaled.jpg","width":2560,"height":1440},{"@type":"BreadcrumbList","@id":"https:\/\/www.conac-ac.org\/v2\/sesion-inaugural-rector-uia-leon\/#breadcrumb","itemListElement":[{"@type":"ListItem","position":1,"name":"Inicio","item":"https:\/\/www.conac-ac.org\/v2\/"},{"@type":"ListItem","position":2,"name":"Sesi\u00f3n Inaugural Rector UIA Le\u00f3n"}]},{"@type":"WebSite","@id":"https:\/\/www.conac-ac.org\/v2\/#website","url":"https:\/\/www.conac-ac.org\/v2\/","name":"CONAC A.C.","description":"CONAC","publisher":{"@id":"https:\/\/www.conac-ac.org\/v2\/#organization"},"alternateName":"Consejo de acreditaci\u00f3n de la Comunicaci\u00f3n y las Ciencias Sociales","potentialAction":[{"@type":"SearchAction","target":{"@type":"EntryPoint","urlTemplate":"https:\/\/www.conac-ac.org\/v2\/?s={search_term_string}"},"query-input":{"@type":"PropertyValueSpecification","valueRequired":true,"valueName":"search_term_string"}}],"inLanguage":"es"},{"@type":"Organization","@id":"https:\/\/www.conac-ac.org\/v2\/#organization","name":"CONAC","alternateName":"Consejo de acreditaci\u00f3n de la Comunicaci\u00f3n y las Ciencias Sociales","url":"https:\/\/www.conac-ac.org\/v2\/","logo":{"@type":"ImageObject","inLanguage":"es","@id":"https:\/\/www.conac-ac.org\/v2\/#\/schema\/logo\/image\/","url":"https:\/\/i0.wp.com\/www.conac-ac.org\/v2\/wp-content\/uploads\/2023\/01\/logo.png?fit=600%2C365&ssl=1","contentUrl":"https:\/\/i0.wp.com\/www.conac-ac.org\/v2\/wp-content\/uploads\/2023\/01\/logo.png?fit=600%2C365&ssl=1","width":600,"height":365,"caption":"CONAC"},"image":{"@id":"https:\/\/www.conac-ac.org\/v2\/#\/schema\/logo\/image\/"},"sameAs":["https:\/\/www.facebook.com\/conac.org\/","https:\/\/www.linkedin.com\/company\/conac-organismo-acreditador\/","https:\/\/www.instagram.com\/conac_org","https:\/\/www.youtube.com\/@conaca.c.732"],"description":"Consejo de acreditaci\u00f3n de la Comunicaci\u00f3n y las Ciencias Sociales"},{"@type":"Person","@id":"https:\/\/www.conac-ac.org\/v2\/#\/schema\/person\/5d97d2327d66f902de9f35760a67500f","name":"Angel Becerra","image":{"@type":"ImageObject","inLanguage":"es","@id":"https:\/\/www.conac-ac.org\/v2\/#\/schema\/person\/image\/","url":"https:\/\/secure.gravatar.com\/avatar\/41c867b0c4f06f2c94aed4a483b932b9?s=96&d=mm&r=g","contentUrl":"https:\/\/secure.gravatar.com\/avatar\/41c867b0c4f06f2c94aed4a483b932b9?s=96&d=mm&r=g","caption":"Angel Becerra"}}]}},"_links":{"self":[{"href":"https:\/\/www.conac-ac.org\/v2\/wp-json\/wp\/v2\/posts\/3261","targetHints":{"allow":["GET"]}}],"collection":[{"href":"https:\/\/www.conac-ac.org\/v2\/wp-json\/wp\/v2\/posts"}],"about":[{"href":"https:\/\/www.conac-ac.org\/v2\/wp-json\/wp\/v2\/types\/post"}],"author":[{"embeddable":true,"href":"https:\/\/www.conac-ac.org\/v2\/wp-json\/wp\/v2\/users\/2"}],"replies":[{"embeddable":true,"href":"https:\/\/www.conac-ac.org\/v2\/wp-json\/wp\/v2\/comments?post=3261"}],"version-history":[{"count":1,"href":"https:\/\/www.conac-ac.org\/v2\/wp-json\/wp\/v2\/posts\/3261\/revisions"}],"predecessor-version":[{"id":3262,"href":"https:\/\/www.conac-ac.org\/v2\/wp-json\/wp\/v2\/posts\/3261\/revisions\/3262"}],"wp:featuredmedia":[{"embeddable":true,"href":"https:\/\/www.conac-ac.org\/v2\/wp-json\/wp\/v2\/media\/3260"}],"wp:attachment":[{"href":"https:\/\/www.conac-ac.org\/v2\/wp-json\/wp\/v2\/media?parent=3261"}],"wp:term":[{"taxonomy":"category","embeddable":true,"href":"https:\/\/www.conac-ac.org\/v2\/wp-json\/wp\/v2\/categories?post=3261"},{"taxonomy":"post_tag","embeddable":true,"href":"https:\/\/www.conac-ac.org\/v2\/wp-json\/wp\/v2\/tags?post=3261"}],"curies":[{"name":"wp","href":"https:\/\/api.w.org\/{rel}","templated":true}]}}